{"id":2069,"date":"2020-03-31T16:08:07","date_gmt":"2020-03-31T14:08:07","guid":{"rendered":"https:\/\/www.greedybrain.com\/divulgazione\/?p=2069"},"modified":"2020-04-02T19:12:22","modified_gmt":"2020-04-02T17:12:22","slug":"mascherine-per-tutti-qa","status":"publish","type":"post","link":"https:\/\/www.greedybrain.com\/divulgazione\/mascherine-per-tutti-qa\/","title":{"rendered":"Mascherine per tutti: Q&#038;A"},"content":{"rendered":"\n<figure class=\"wp-block-image size-large\"><img decoding=\"async\" loading=\"lazy\" width=\"820\" height=\"312\" src=\"https:\/\/www.greedybrain.com\/divulgazione\/files\/2020\/03\/Copy-of-Mascherine-fest.png\" alt=\"\" class=\"wp-image-2070\" srcset=\"https:\/\/www.greedybrain.com\/divulgazione\/files\/2020\/03\/Copy-of-Mascherine-fest.png 820w, https:\/\/www.greedybrain.com\/divulgazione\/files\/2020\/03\/Copy-of-Mascherine-fest-300x114.png 300w, https:\/\/www.greedybrain.com\/divulgazione\/files\/2020\/03\/Copy-of-Mascherine-fest-768x292.png 768w\" sizes=\"(max-width: 820px) 100vw, 820px\" \/><\/figure>\n\n\n\n<p>Dopo aver pubblicato un <a href=\"https:\/\/l.facebook.com\/l.php?u=https%3A%2F%2Fyoutu.be%2F7i7XCtjD5tU%3Ffbclid%3DIwAR0zUDYxSlW0ENAbJZIDuHtPPgFNgKoE2qrouvBYwL8LfusRNEOzXilRI5c&amp;h=AT1IYQN9JV_gXe_hfTVsDgTOoYxP_JVxWuTN2v_2QuPB2qa88yWzDlrZRK_DWkw0t6uiVX3ron0gkWQQpvbZR82sTtrWUn9xRwxLhqPJJ6FkrMcgktwY37FIdx5hBqPVoWG-K40PA4w\" target=\"_blank\" rel=\"noreferrer noopener\">video Youtube<\/a> e un\n<a href=\"https:\/\/l.facebook.com\/l.php?u=https%3A%2F%2Fwww.instagram.com%2Fstories%2Fhighlights%2F18098907724136929%2F%3Ffbclid%3DIwAR2khZtc7E9KZCFu6-DGSem3FY8Cecc3-fO3_GljGtC7BO0z4iMEKZ-ZrWY&amp;h=AT2TFc6V3KmVbFhqigqwlCPzAhKWT4vW9RjEhSQib0yMRvndSaa7FPvx2lFiubiHc-VoAHpa4CGUQmfS8qNYj8kHhu1Rv5CohVAv_KDW8TsU7AQ8-HVohpwv0IEDR3Sux9KAkwT18_KaN5pGh56TfRHs\" target=\"_blank\" rel=\"noreferrer noopener\">aggiornamento su Instagram<\/a>,\nmi rendo conto che ancora la confusione regna sull\u2019argomento. In questi giorni,\nnella mia bolla la questione \u201cmascherine s\u00ec o mascherine no\u201d sta diventando\nquasi un\u2019ossessione, con pubblicazioni pro e contro sparate a raffica e il\nrischio di annegare nella bibliografia e non capirci nulla lo stesso. <\/p>\n\n\n\n<p>Qui \u00e8 dove cerco di mettere insieme le cose in modo comprensibile a tutti.<br> <br> Per altri dettagli guardatevi i due video.<br> <br> <strong>Ma insomma queste benedette mascherine le dobbiamo portare o no ?<\/strong><br> Dipende dal tipo di mascherina e dall\u2019ambiente in cui ci troviamo. Qui parliamo di vita di comunit\u00e0 (cio\u00e8 la vita sociale di tutti i giorni, che ora \u00e8 quasi ferma ma che un giorno dovr\u00e0 riprendere) e NON del mondo sanitario o professionale.<br> <br> Nella vita di comunit\u00e0, le mascherine FFP NON servono, nessuno le sa usare correttamente e possono essere controproducenti. Il motivo lo spiego nel video Youtube. Guardatevelo. Le mascherine FFP servono a proteggere chi respira, non chi sta davanti. Sono concepite per essere usate dal personale sanitario in ambienti ad alta concentrazione di particelle virali. Non per andare a fare la spesa. Su questo sono d\u2019accordo tutti, i belli come i brutti. A parte forse qualche commentatore che per\u00f2 non ha alcuna competenza scientifica e sicuramente non ha mai indossato una FFP in vita sua.<br> Quindi per noi tutti il termine \u201cmascherina\u201d casomai significa: MASCHERINA CHIRURGICA. Che pu\u00f2 essere utile. Per evitare confusione le chiamer\u00f2 con l\u2019abbreviazione MC. <\/p>\n\n\n\n<p><strong>A cosa\nservono le MC?<\/strong><\/p>\n\n\n\n<p>Lo scopo di queste mascherine NON \u00e8\nproteggere chi respira, bens\u00ec bloccare le goccioline di saliva e quindi evitare\ndi sputazzare sugli altri, ad esempio mentre si parla. La scelta di molti\npaesi, come la Cina, \u00e8 far si che tutti indossino una MC quando sono in luoghi\nfrequentati al fine di ottenere una protezione collettiva. Io non sputazzo te,\ntu non sputazzi me. In teoria \u00e8 un\u2019ottima idea.<\/p>\n\n\n\n<p><strong>E in\npratica? Perch\u00e9 qualche organismo scientifico le consiglia, altri no?<\/strong><\/p>\n\n\n\n<p>Non c\u2019\u00e8 dubbio che le MC indossate\nda tutti riducano fortemente la possibilit\u00e0 di sputazzarci a vicenda, e il buon\nsenso suggerisce che siano utili in un\u2019ottica di protezione reciproca. Non sono\ndifficili da usare, costano poco, si possono indossare comodamente per ore\nsenza problemi e se usate correttamente (vedi pi\u00f9 sotto) hanno poche\ncontroindicazioni. <br>\nDal punto di vista della salute pubblica, la questione \u00e8 se davvero facciano la\ndifferenza. Qui le opinioni degli esperti <a href=\"https:\/\/l.facebook.com\/l.php?u=https%3A%2F%2Fwww.sciencemag.org%2Fnews%2F2020%2F03%2Fwould-everyone-wearing-face-masks-help-us-slow-pandemic%3Ffbclid%3DIwAR08Oric64XSE-9247o2dVoROk-6wiuCT5cFg0qaPcAC2c3wgxeDf-_BqOo&amp;h=AT3bBQ2eYT2dS-KgJ2O4NBf4DkwcaQU905nJ6jSPVQACav1PmBTcDF9pEpUF30CTBmvF-XfMKcTI5uJJrWGh1NSgkbMUJWDDLos_9BB3bMiD-kbx5Xf-Nv2IG14FaJlR7YzNNn6oCL0\" target=\"_blank\" rel=\"noreferrer noopener\">non sono sempre concordi<\/a>,\ne c\u2019\u00e8 un bel po\u2019 di confusione. Non esistono studi scientifici che dimostrino\nin modo inequivocabile che la strategia \u201cMC per tutti\u201d faccia davvero la\ndifferenza rispetto alle misure che COMUNQUE vanno prese: distanziamento\nsociale, tracciatura e isolamento efficace dei positivi, e molte altre. Qui una\n<a href=\"https:\/\/l.facebook.com\/l.php?u=https%3A%2F%2Fwww.thelancet.com%2Fjournals%2Flanres%2Farticle%2FPIIS2213-2600%2820%2930134-X%2Ffulltext%3Ffbclid%3DIwAR1ifagp9IixZws8Kgruim9xOUm2RmOjt07ion7DYaTjtdVrp2AnqzNYiKo&amp;h=AT1YGvKbvct8NZuWmlgMpUvkxj9IE81t_PpWNeHaLBztB2nPHrRWPTJQYVOujpVXjVel2WTbevC4R7VpZgefWsDlF5EE0rKWJbakT3zCekYO9gacd10ABLtu5pDzx6jh8_O5cIITJAo\" target=\"_blank\" rel=\"noreferrer noopener\">rassegna<\/a> delle\npolitiche sulle mascherine nei vari paesi<\/p>\n\n\n\n<p><strong>In\nCina\/Corea per\u00f2 le usano e funzionano<\/strong>!<br>\n\u00c8 vero che le usano, ed \u00e8 probabile che abbiano un impatto positivo. Tuttavia,\nquesti paesi contemporaneamente adottano altre misure sicuramente efficaci come\nquelle citate sopra, quindi non \u00e8 facile capire quale sia il fattore pi\u00f9\nimportante del successo. Di sicuro, nessuno pensa di risolvere il problema\nsoltanto con le MC. Diciamo che secondo alcuni esperti le MC sono da usare\nsenza dubbio. Altri non negano l\u2019utilit\u00e0 ma pensano che il \u201ctutti con la MC\u201d\npotrebbe essere l\u2019equivalente di andare in giro tutti con l\u2019ombrello aperto\nanche se non piove. In teoria stiamo pi\u00f9 tranquilli, in pratica ci incasiniamo\nla vita. Voi volete la scienza e io ve la do, ragazzi. Questi ragionamenti,\nquando parliamo del comportamento di milioni di persone, vanno sempre fatti a\nmente fredda.<\/p>\n\n\n\n<p><strong>OK, ma qual\n\u00e8 la <em>tua<\/em> opinione?<\/strong> <br>\nLa mia personalissima e ininfluente opinione, basata sulla sintesi di quello\nche ho letto e del buon senso, \u00e8 che sarebbe opportuno promuovere l\u2019uso\nCONSAPEVOLE delle MC nei luoghi pubblici , almeno nelle fasi successive al\nlockdown, quando torneremo gradualmente alla vita di comunit\u00e0. In un\u2019ottica di\nprotezione collettiva e solidale e senza scadere nella paranoia. Soprattutto\nper evitare di sputazzarci a vicenda in ambienti ristretti, come i trasporti\npubblici e per tutelare le categorie pi\u00f9 esposte: persone fragili ma anche\ncommessi, impiegati e tutti coloro che per lavoro devono avere rapporti con il\npubblico e a cui rischiamo di sputazzare in faccia in continuazione. La maggior\nparte di noi star\u00e0 bene e non sar\u00e0 contagiosa, ma sappiamo che alcuni\ninevitabilmente saranno contagiosi prima di mostrare sintomi evidenti, o in\nassenza di sintomi, e se ne andranno in giro in buona fede. Quindi una\nprotezione collettiva non sembra una cattiva idea.<br>\n<br>\n<strong>Che intendi per \u201cuso consapevole\u201d?<\/strong><br>\nUso consapevole significa che la MC \u00e8 solo UNO dei tanti sistemi di protezione,\ne non sostituisce i comportamenti e le precauzioni che COMUNQUE dovremo tenere\nper un bel po\u2019. E tanto meno pu\u00f2 sostituire l\u2019attivit\u00e0 di contrasto attivo con\ntracciatura dei casi e test mirati anche agli asintomatici, strategia che al\nmomento latita in molte regioni a livello nazionale. <br>\nUso consapevole significa anche che le MC, milioni di esse, dovranno essere\nusate e gettate correttamente e non lasciate in giro come cicche di sigaretta a\ninfettare gli altri. Sembra ovvio, ma in Italia non lo \u00e8. Quindi, per me \u00e8 un\ns\u00ec, ma se pensi che solo indossando una mascherina potrai continuare a fare\ntutte le cazzate che facevi prima, ti sbagli di grosso.<\/p>\n\n\n\n<p><strong>Quindi sei\nd\u2019accordo con MC per tutti quando finir\u00e0 il lockdown?<\/strong><\/p>\n\n\n\n<p>Secondo molti esperti funziona, e\npersonalmente sono d\u2019accordo se usate consapevolmente. A quel punto la\nquestione diventa logistica: produrne e distribuirne abbastanza per tutti. Le\nMC sono monouso, quindi dovremmo averne almeno una al giorno per ciascuno. Per\n60M di italiani, si tratta di 1,8 miliardi di mascherine al mese. \u00c8 fattibile\nper un paese comprarne o produrne in tale quantit\u00e0? Penso proprio di s\u00ec, con una\nbuona organizzazione. Viene fatto? Per quando ne so io, non abbastanza. Ormai\navete capito che la macchina dell\u2019emergenza italiana non \u00e8 un fulmine di\nguerra, per usare un eufemismo. Potete scommettere che tra un mese continueremo\na parlare di quanto siano introvabili le mascherine.<br>\n<br>\n<strong>Ma si danno da fare a cercarle o a produrne a tonnellate? E se\nnon lo fanno, perch\u00e9?<\/strong><br>\nQuesta \u00e8 un\u2019ottima domanda e la devi fare alle autorit\u00e0, Protezione Civile in\nprimis. Anche perch\u00e9 oltre alle mascherine ci sarebbe da procurare un sacco di\naltra roba in vista di un futuro allentamento del lockdown: test a manetta,\ntermometri contactless, termoscanner. Solo per citarne alcuni.<\/p>\n\n\n\n<p><strong>Vabb\u00e8, ma \u00e8\nmeglio una mascherina vecchia, usata, portata male piuttosto che niente!<\/strong><br>\nQuesto lo pensano in molti e purtroppo \u00e8 molto errato. Una mascherina usata\noltre il limite si imbeve di saliva e muco e diventa una bomba biologica pronta\na esplodere. Invece di proteggere gli altri, rappresenta un potenziale\npericolo: spruzzi saliva ovunque anche solo quando parli. <br>\nTra una mascherina piena di fluidi e niente, spesso \u00e8 meglio niente. La\nmascherina vecchia peraltro diventa facilmente terreno di coltura per batteri e\nfunghi che possono essere pericolosi quanto il virus, e danneggiare chi le\nindossa.<br>\n<br>\n<strong>Perch\u00e9 allora le MC non le usiamo gi\u00e0 tutti adesso, quando\nandiamo in giro? Perch\u00e9 nel tuo video suggerisci che non sia una buona idea\ndurante il lockdown?<\/strong><\/p>\n\n\n\n<p>Di nuovo, teoria vs. pratica. In\nteoria, mascherine per tutti e festa finita. In pratica chiediti: quante mascherine\nho? Di che tipo? Da quanto uso la stessa mascherina? La so usare? In giro vedo\nquasi tutti indossare mascherine errate in modo errato (FFP, spesso con\nvalvola), mascherine vecchie, lise, e probabilmente piene di sputo. Vedo gente\nindossare FFP o MC da soli in auto, o mentre corrono, che non ha senso. Dopo\naver pubblicato il video Youtube ho ricevuto molto commenti di gente che usa\nper professione mascherine di protezione e che mi confermano quanto dico.\nPiuttosto che le mascherine usate cos\u00ec, meglio niente. E poi finch\u00e9 siamo in\nlockdown la cosa migliore \u00e8 uscire il meno possibile, e rispettare le distanze.\nSe non hai nessuno intorno, la mascherina \u00e8 superflua. Ma sar\u00e0 probabilmente\nutile quando torneremo ad una vita di comunit\u00e0 meno ristretta. Per\u00f2 non ti sto\ndicendo di NON usare le MC: se ne hai nuove a bizzeffe, o te la regalano\nall\u2019entrata del supermercato, usala anche ora, ci mancherebbe. Non \u00e8 una\nquestione di principio. Ma lascia perdere quel panno purulento che ti tieni in\nfaccia da venti giorni, \u00e8 meglio niente.<\/p>\n\n\n\n<p><strong>Quali sono i\nrischi di una MC nuova, indossata correttamente?<\/strong><\/p>\n\n\n\n<p>Dipendono da noi. Tutte le\nmascherine (le FFP di pi\u00f9 ma anche le MC) portano a toccarci pi\u00f9 spesso il\nviso, cosa da evitare. Con le MC basta un po\u2019 di allenamento. L\u2019altro rischio \u00e8\nun falso senso di sicurezza che ti fa avvicinare troppo alla gente, il che va\nevitato. Anche l\u00ec, dipende da te.<\/p>\n\n\n\n<p><strong>Sarebbe\ngiusto rendere le MC obbligatorie nei luoghi pubblici, se \u00e8 vero che servono?<\/strong><\/p>\n\n\n\n<p>Eventualmente si, ma solo se le\nautorit\u00e0 saranno in grado di renderle disponibili a tutti in abbondanza.\nAltrimenti costringeremo le persone ad andare in giro con MC vecchie e\ninadeguate, facendo pi\u00f9 male che bene.<\/p>\n\n\n\n<p><strong>Perch\u00e9\nvorresti vietare la mascherine FFP con la valvola che si vedono in giro?<\/strong><br>\nSi vede in giro molta gente con mascherine FFP dotate di valvola di esalazione:\nqueste mascherine \u201csputano\u201d fuori dalla maschera aria ma anche saliva e sono un\npotenziale pericolo per gli altri. Per quanto mi riguarda, andrebbero\nsemplicemente vietate nella vita di comunit\u00e0. Gli operatori sanitari utilizzano\nla valvola perch\u00e9 rende pi\u00f9 sopportabile indossare la mascherina per lunghe ore\n(questo gi\u00e0 dovrebbe farti capire che le FFP non sono fatte per andare al\nsupermercato) e adottano precauzioni per non contagiare i pazienti, ad esempio\nindossando una mascherina chirurgica sotto la FFP. <br>\nVedere le forze dell\u2019ordine o commessi degli alimentari indossare le FFP con la\nvalvola di uscita, con il rischio potenziale di contagiare centinaia di\npersone, \u00e8 semplicemente inquietante. Non ce l\u2019ho ovviamente con loro, ma con\nchi dovrebbe sapere queste cose e fornire i dispositivi corretti.<\/p>\n\n\n\n<p><strong>Io la\nmascherina la lavo, la stiro, la metto sotto gli UV, me la faccio da solo con\nla maglietta o il tappetino del cane! Funziona?<\/strong><br>\nNon lo so ragazzi. Nessuno lo sa. E\u2019 vero che a fermare la saliva non ci vuole\nuna tecnologia marziana, ma i dispositivi sono a norma proprio perch\u00e9 sono\ntestati per funzionare a dovere. Le soluzioni fatte in casa non garantiscono\nnessuno a meno che non siano testate e validate. Quanto durano senza diventare\na loro volta un veicolo di contagio? Quanto tempo passa prima che lascino\npassare la saliva all\u2019esterno? Se devo sedermi in metropolitana accanto a\nqualcuno che va in giro con un panno in faccia pieno di sputo, preferisco\nniente. <\/p>\n\n\n\n<p><strong>Ma io voglio\nvedere comunque tutti con la mascherina, mi sento pi\u00f9 sicuro!<\/strong><\/p>\n\n\n\n<p>D\u2019accordo, ma di nuovo: vorresti\nsederti in metropolitana accanto a qualcuno che va in giro con la mascherina\nlavata col metodo della nonna Carolina? O con una valvola che ti sputazza\naddosso e sui vestiti? Un conto \u00e8 il senso di sicurezza, in conto \u00e8 la\nsicurezza vera.<br>\n<br>\n<strong>Ma non ci sono mascherine riutilizzabili\/lavabili?<\/strong><br>\nSe ne sente parlare e magari questa potrebbe essere una buona soluzione, se\ntestata e funziona. Anche l\u00ec per\u00f2 andrebbero date istruzioni di manutenzione\nsemplici e per tutti. Se usate o lavate in modo scorretto, non garantirebbero\ncomunque la sicurezza. Vedi punto sopra.<\/p>\n\n\n\n<p><strong>Ma io voglio\nproteggere me stesso, e tu non puoi impedirmelo! La gente non ha rispetto e mi\nstarnutir\u00e0 addosso! Quindi qualunque mascherina va bene! Chissenefrega se ha la\nvalvola o se sputazzo agli altri!<\/strong><\/p>\n\n\n\n<p>Ecco, questo \u00e8 il ragionamento che\nci far\u00e0 perdere la partita. L\u2019unica protezione possibile nella vita di comunit\u00e0\n\u00e8 quella collettiva basata sull\u2019attenzione reciproca. Pensare di proteggere s\u00e9\nstessi in un guscio, oltre che egoista, \u00e8 insensato. L\u2019unica protezione\nfattibile per la comunit\u00e0 si ottiene eventualmente con le MC e consiste nel non\nsputazzarci a vicenda ed \u00e8 una tutela collettiva. <br>\n<br>\nMettiamoci in testa una cosa: quest\u2019epidemia selezioner\u00e0 le societ\u00e0 pi\u00f9\norganizzate, ordinate, solidali. Le altre se la vedranno molto, molto male.\nQuando usciremo di casa, dovremmo rivedere molti nostri comportamenti e le\nnostre priorit\u00e0 se vogliamo avere una chance di battere il Piccolo Bastardo. Ci\nvorranno comportamenti ordinati e consapevoli. Non potremo pi\u00f9 permetterci di\npensare solo a noi stessi.<\/p>\n\n\n\n<figure class=\"wp-block-embed-youtube wp-block-embed is-type-video is-provider-youtube wp-embed-aspect-16-9 wp-has-aspect-ratio\"><div class=\"wp-block-embed__wrapper\">\n<div class=\"post-video\"><iframe loading=\"lazy\" title=\"Mascherine &amp; coronavirus \/\/ Tutorial facile\" width=\"1165\" height=\"655\" src=\"https:\/\/www.youtube.com\/embed\/7i7XCtjD5tU?feature=oembed\" frameborder=\"0\" allow=\"accelerometer; autoplay; clipboard-write; encrypted-media; gyroscope; picture-in-picture; web-share\" allowfullscreen><\/iframe><\/div>\n<\/div><\/figure>\n\n\n\n<figure class=\"wp-block-embed-youtube wp-block-embed is-type-video is-provider-youtube wp-embed-aspect-16-9 wp-has-aspect-ratio\"><div class=\"wp-block-embed__wrapper\">\n<div class=\"post-video\"><iframe loading=\"lazy\" title=\"Servono le mascherine?\/\/ Spiegato facile\" width=\"1165\" height=\"655\" src=\"https:\/\/www.youtube.com\/embed\/0uru7NLJ5Hg?feature=oembed\" frameborder=\"0\" allow=\"accelerometer; autoplay; clipboard-write; encrypted-media; gyroscope; picture-in-picture; web-share\" allowfullscreen><\/iframe><\/div>\n<\/div><\/figure>\n","protected":false},"excerpt":{"rendered":"<p>Dopo aver pubblicato un video Youtube e un aggiornamento su Instagram, mi rendo conto che ancora la confusione regna sull\u2019argomento. In questi giorni, nella mia bolla la questione \u201cmascherine s\u00ec o mascherine no\u201d sta diventando quasi un\u2019ossessione, con pubblicazioni pro e contro sparate a raffica e il rischio di annegare nella bibliografia e non capirci [&hellip;]<\/p>\n","protected":false},"author":1,"featured_media":0,"comment_status":"closed","ping_status":"open","sticky":false,"template":"","format":"standard","meta":{"om_disable_all_campaigns":false,"_monsterinsights_skip_tracking":false,"_monsterinsights_sitenote_active":false,"_monsterinsights_sitenote_note":"","_monsterinsights_sitenote_category":0},"categories":[3,12,9],"tags":[365,368,367,366],"aioseo_notices":[],"builder_content":"","_links":{"self":[{"href":"https:\/\/www.greedybrain.com\/divulgazione\/wp-json\/wp\/v2\/posts\/2069"}],"collection":[{"href":"https:\/\/www.greedybrain.com\/divulgazione\/wp-json\/wp\/v2\/posts"}],"about":[{"href":"https:\/\/www.greedybrain.com\/divulgazione\/wp-json\/wp\/v2\/types\/post"}],"author":[{"embeddable":true,"href":"https:\/\/www.greedybrain.com\/divulgazione\/wp-json\/wp\/v2\/users\/1"}],"replies":[{"embeddable":true,"href":"https:\/\/www.greedybrain.com\/divulgazione\/wp-json\/wp\/v2\/comments?post=2069"}],"version-history":[{"count":3,"href":"https:\/\/www.greedybrain.com\/divulgazione\/wp-json\/wp\/v2\/posts\/2069\/revisions"}],"predecessor-version":[{"id":2075,"href":"https:\/\/www.greedybrain.com\/divulgazione\/wp-json\/wp\/v2\/posts\/2069\/revisions\/2075"}],"wp:attachment":[{"href":"https:\/\/www.greedybrain.com\/divulgazione\/wp-json\/wp\/v2\/media?parent=2069"}],"wp:term":[{"taxonomy":"category","embeddable":true,"href":"https:\/\/www.greedybrain.com\/divulgazione\/wp-json\/wp\/v2\/categories?post=2069"},{"taxonomy":"post_tag","embeddable":true,"href":"https:\/\/www.greedybrain.com\/divulgazione\/wp-json\/wp\/v2\/tags?post=2069"}],"curies":[{"name":"wp","href":"https:\/\/api.w.org\/{rel}","templated":true}]}}